{"id":3155,"date":"2021-07-28T11:53:14","date_gmt":"2021-07-28T09:53:14","guid":{"rendered":"https:\/\/www.gundel.de\/blog\/?p=3155"},"modified":"2021-07-28T11:55:14","modified_gmt":"2021-07-28T09:55:14","slug":"apfel-tarte","status":"publish","type":"post","link":"https:\/\/www.gundel.de\/blog\/2021\/07\/28\/apfel-tarte\/","title":{"rendered":"Apfel Tarte"},"content":{"rendered":"<p><strong>Zutaten<\/strong><br \/>\n1 Bl\u00e4tterteig (Tante Fanny oder andere vegane Alternative)<br \/>\n2 \u00c4pfel (z.B. Boskop)<br \/>\n30 g Margarine (Alsan, oder andere vegane Alternative)<br \/>\n80 g Zucker<br \/>\netwas Zimt<\/p>\n<p><strong>Zubereitung<\/strong><br \/>\nF\u00fcr die Apfel Tarte zuerst den Bl\u00e4tterteig aus dem K\u00fchlschrank nehmen. Ofen auf 220 \u00b0C (Ober-\/Unterhitze) vorheizen. \u00c4pfel in 5mm dicke Spalten schneiden (mit oder ohne Schale). Zucker in die <a href=\"https:\/\/www.gundel.de\/pfannen\/bratpfannen\/gundel-guss-bratpfanne-flach-24-cm\">Gundel Pfanne<\/a> geben und auf mittlerer Hitze unterr\u00fchren.<br \/>\nDen Zucker solange schmelzen bis er hellbraun ist. Pfanne vom Herd nehmen, Margarine unterr\u00fchren und \u00c4pfel kreisf\u00f6rmig in die Pfanne geben. Zimt \u00fcber die \u00c4pfel streuen. Bl\u00e4tterteig \u00fcber die \u00c4pfel legen (er darf Falten schlagen). Mit der Gabel ein paar Mal einstechen und mit etwas Zucker bestreuen.<br \/>\nGundel Pfannenstiel abnehmen und auf mittlerer Schiene etwa 15-20 min backen. Aus dem Ofen nehmen und st\u00fcrzen.<br \/>\nWarm genie\u00dfen oder kalt, wenn die Karamellschicht knusprig geworden ist.<\/p>\n<p>Tipp: f\u00fcr den \u201cSpezial-Effekt\u201d etwas warmen Rum und braunen Zucker \u00fcber den Kuchen geben und anz\u00fcnden &#8211; eine blaue Flamme entsteht.<\/p>\n<p>UNBEDINGT IN EINER UMGEBUNG OHNE BRENNBARE GEGENST\u00c4NDE!<\/p>\n","protected":false},"excerpt":{"rendered":"<p>Zutaten 1 Bl\u00e4tterteig (Tante Fanny oder andere vegane Alternative) 2 \u00c4pfel (z.B. Boskop) 30 g Margarine (Alsan, oder andere vegane Alternative) 80 g Zucker etwas Zimt Zubereitung F\u00fcr die Apfel Tarte zuerst den Bl\u00e4tterteig aus dem K\u00fchlschrank nehmen. Ofen auf 220 \u00b0C (Ober-\/Unterhitze) vorheizen. \u00c4pfel in 5mm dicke Spalten schneiden (mit oder ohne Schale). Zucker [&hellip;]<\/p>\n","protected":false},"author":5,"featured_media":3156,"comment_status":"open","ping_status":"open","sticky":false,"template":"","format":"standard","meta":{"footnotes":""},"categories":[59,37,4],"tags":[131],"class_list":["post-3155","post","type-post","status-publish","format-standard","has-post-thumbnail","hentry","category-gebaeck","category-kuchen","category-nachspeisen","tag-vegan"],"yoast_head":"<!-- This site is optimized with the Yoast SEO plugin v27.4 - https:\/\/yoast.com\/product\/yoast-seo-wordpress\/ -->\n<title>Rezept Apfel Tarte mit Bl\u00e4tterteig - Gundel-Pfannen Blog<\/title>\n<meta name=\"description\" content=\"F\u00fcr die Apfel Tarte zuerst den Bl\u00e4tterteig aus dem K\u00fchlschrank nehmen. Ofen auf 220 \u00b0C (Ober-\/Unterhitze) vorheizen. \u00c4pfel in 5mm dicke\" \/>\n<meta name=\"robots\" content=\"index, follow, max-snippet:-1, max-image-preview:large, max-video-preview:-1\" \/>\n<link rel=\"canonical\" href=\"https:\/\/www.gundel.de\/blog\/2021\/07\/28\/apfel-tarte\/\" \/>\n<meta name=\"twitter:label1\" content=\"Verfasst von\" \/>\n\t<meta name=\"twitter:data1\" content=\"Gundel Pfannen\" \/>\n\t<meta name=\"twitter:label2\" content=\"Gesch\u00e4tzte Lesezeit\" \/>\n\t<meta name=\"twitter:data2\" content=\"1\u00a0Minute\" \/>\n<script type=\"application\/ld+json\" class=\"yoast-schema-graph\">{\"@context\":\"https:\\\/\\\/schema.org\",\"@graph\":[{\"@type\":\"Article\",\"@id\":\"https:\\\/\\\/www.gundel.de\\\/blog\\\/2021\\\/07\\\/28\\\/apfel-tarte\\\/#article\",\"isPartOf\":{\"@id\":\"https:\\\/\\\/www.gundel.de\\\/blog\\\/2021\\\/07\\\/28\\\/apfel-tarte\\\/\"},\"author\":{\"name\":\"Gundel Pfannen\",\"@id\":\"https:\\\/\\\/www.gundel.de\\\/blog\\\/#\\\/schema\\\/person\\\/7bc26dfa36e0569be5e1e4bb12a070c1\"},\"headline\":\"Apfel Tarte\",\"datePublished\":\"2021-07-28T09:53:14+00:00\",\"dateModified\":\"2021-07-28T09:55:14+00:00\",\"mainEntityOfPage\":{\"@id\":\"https:\\\/\\\/www.gundel.de\\\/blog\\\/2021\\\/07\\\/28\\\/apfel-tarte\\\/\"},\"wordCount\":179,\"commentCount\":0,\"publisher\":{\"@id\":\"https:\\\/\\\/www.gundel.de\\\/blog\\\/#organization\"},\"image\":{\"@id\":\"https:\\\/\\\/www.gundel.de\\\/blog\\\/2021\\\/07\\\/28\\\/apfel-tarte\\\/#primaryimage\"},\"thumbnailUrl\":\"https:\\\/\\\/www.gundel.de\\\/blog\\\/wp-content\\\/uploads\\\/2021\\\/07\\\/Gundel-Pfannen-Timo-Franke-Schneebesen-Apfel-Tarte.jpg\",\"keywords\":[\"vegan\"],\"articleSection\":[\"Geb\u00e4ck\",\"Kuchen\",\"Nachspeisen\"],\"inLanguage\":\"de\",\"potentialAction\":[{\"@type\":\"CommentAction\",\"name\":\"Comment\",\"target\":[\"https:\\\/\\\/www.gundel.de\\\/blog\\\/2021\\\/07\\\/28\\\/apfel-tarte\\\/#respond\"]}]},{\"@type\":\"WebPage\",\"@id\":\"https:\\\/\\\/www.gundel.de\\\/blog\\\/2021\\\/07\\\/28\\\/apfel-tarte\\\/\",\"url\":\"https:\\\/\\\/www.gundel.de\\\/blog\\\/2021\\\/07\\\/28\\\/apfel-tarte\\\/\",\"name\":\"Rezept Apfel Tarte mit Bl\u00e4tterteig - Gundel-Pfannen Blog\",\"isPartOf\":{\"@id\":\"https:\\\/\\\/www.gundel.de\\\/blog\\\/#website\"},\"primaryImageOfPage\":{\"@id\":\"https:\\\/\\\/www.gundel.de\\\/blog\\\/2021\\\/07\\\/28\\\/apfel-tarte\\\/#primaryimage\"},\"image\":{\"@id\":\"https:\\\/\\\/www.gundel.de\\\/blog\\\/2021\\\/07\\\/28\\\/apfel-tarte\\\/#primaryimage\"},\"thumbnailUrl\":\"https:\\\/\\\/www.gundel.de\\\/blog\\\/wp-content\\\/uploads\\\/2021\\\/07\\\/Gundel-Pfannen-Timo-Franke-Schneebesen-Apfel-Tarte.jpg\",\"datePublished\":\"2021-07-28T09:53:14+00:00\",\"dateModified\":\"2021-07-28T09:55:14+00:00\",\"description\":\"F\u00fcr die Apfel Tarte zuerst den Bl\u00e4tterteig aus dem K\u00fchlschrank nehmen. Ofen auf 220 \u00b0C (Ober-\\\/Unterhitze) vorheizen. \u00c4pfel in 5mm dicke\",\"breadcrumb\":{\"@id\":\"https:\\\/\\\/www.gundel.de\\\/blog\\\/2021\\\/07\\\/28\\\/apfel-tarte\\\/#breadcrumb\"},\"inLanguage\":\"de\",\"potentialAction\":[{\"@type\":\"ReadAction\",\"target\":[\"https:\\\/\\\/www.gundel.de\\\/blog\\\/2021\\\/07\\\/28\\\/apfel-tarte\\\/\"]}]},{\"@type\":\"ImageObject\",\"inLanguage\":\"de\",\"@id\":\"https:\\\/\\\/www.gundel.de\\\/blog\\\/2021\\\/07\\\/28\\\/apfel-tarte\\\/#primaryimage\",\"url\":\"https:\\\/\\\/www.gundel.de\\\/blog\\\/wp-content\\\/uploads\\\/2021\\\/07\\\/Gundel-Pfannen-Timo-Franke-Schneebesen-Apfel-Tarte.jpg\",\"contentUrl\":\"https:\\\/\\\/www.gundel.de\\\/blog\\\/wp-content\\\/uploads\\\/2021\\\/07\\\/Gundel-Pfannen-Timo-Franke-Schneebesen-Apfel-Tarte.jpg\",\"width\":1200,\"height\":800,\"caption\":\"Apfel Tarte\"},{\"@type\":\"BreadcrumbList\",\"@id\":\"https:\\\/\\\/www.gundel.de\\\/blog\\\/2021\\\/07\\\/28\\\/apfel-tarte\\\/#breadcrumb\",\"itemListElement\":[{\"@type\":\"ListItem\",\"position\":1,\"name\":\"Home\",\"item\":\"https:\\\/\\\/www.gundel.de\\\/blog\\\/\"},{\"@type\":\"ListItem\",\"position\":2,\"name\":\"Apfel Tarte\"}]},{\"@type\":\"WebSite\",\"@id\":\"https:\\\/\\\/www.gundel.de\\\/blog\\\/#website\",\"url\":\"https:\\\/\\\/www.gundel.de\\\/blog\\\/\",\"name\":\"Gundel-Pfannen Blog\",\"description\":\"Kochen ist unsere Leidenschaft\",\"publisher\":{\"@id\":\"https:\\\/\\\/www.gundel.de\\\/blog\\\/#organization\"},\"potentialAction\":[{\"@type\":\"SearchAction\",\"target\":{\"@type\":\"EntryPoint\",\"urlTemplate\":\"https:\\\/\\\/www.gundel.de\\\/blog\\\/?s={search_term_string}\"},\"query-input\":{\"@type\":\"PropertyValueSpecification\",\"valueRequired\":true,\"valueName\":\"search_term_string\"}}],\"inLanguage\":\"de\"},{\"@type\":\"Organization\",\"@id\":\"https:\\\/\\\/www.gundel.de\\\/blog\\\/#organization\",\"name\":\"Gundel-Pfannen\",\"url\":\"https:\\\/\\\/www.gundel.de\\\/blog\\\/\",\"logo\":{\"@type\":\"ImageObject\",\"inLanguage\":\"de\",\"@id\":\"https:\\\/\\\/www.gundel.de\\\/blog\\\/#\\\/schema\\\/logo\\\/image\\\/\",\"url\":\"https:\\\/\\\/www.gundel.de\\\/blog\\\/wp-content\\\/uploads\\\/2012\\\/11\\\/gundel_pfannen-Original-seit-1972-Logo.png\",\"contentUrl\":\"https:\\\/\\\/www.gundel.de\\\/blog\\\/wp-content\\\/uploads\\\/2012\\\/11\\\/gundel_pfannen-Original-seit-1972-Logo.png\",\"width\":\"192\",\"height\":\"120\",\"caption\":\"Gundel-Pfannen\"},\"image\":{\"@id\":\"https:\\\/\\\/www.gundel.de\\\/blog\\\/#\\\/schema\\\/logo\\\/image\\\/\"}},{\"@type\":\"Person\",\"@id\":\"https:\\\/\\\/www.gundel.de\\\/blog\\\/#\\\/schema\\\/person\\\/7bc26dfa36e0569be5e1e4bb12a070c1\",\"name\":\"Gundel Pfannen\",\"url\":\"https:\\\/\\\/www.gundel.de\\\/blog\\\/author\\\/gundel-pfannen-2\\\/\"}]}<\/script>\n<!-- \/ Yoast SEO plugin. -->","yoast_head_json":{"title":"Rezept Apfel Tarte mit Bl\u00e4tterteig - Gundel-Pfannen Blog","description":"F\u00fcr die Apfel Tarte zuerst den Bl\u00e4tterteig aus dem K\u00fchlschrank nehmen. Ofen auf 220 \u00b0C (Ober-\/Unterhitze) vorheizen. \u00c4pfel in 5mm dicke","robots":{"index":"index","follow":"follow","max-snippet":"max-snippet:-1","max-image-preview":"max-image-preview:large","max-video-preview":"max-video-preview:-1"},"canonical":"https:\/\/www.gundel.de\/blog\/2021\/07\/28\/apfel-tarte\/","twitter_misc":{"Verfasst von":"Gundel Pfannen","Gesch\u00e4tzte Lesezeit":"1\u00a0Minute"},"schema":{"@context":"https:\/\/schema.org","@graph":[{"@type":"Article","@id":"https:\/\/www.gundel.de\/blog\/2021\/07\/28\/apfel-tarte\/#article","isPartOf":{"@id":"https:\/\/www.gundel.de\/blog\/2021\/07\/28\/apfel-tarte\/"},"author":{"name":"Gundel Pfannen","@id":"https:\/\/www.gundel.de\/blog\/#\/schema\/person\/7bc26dfa36e0569be5e1e4bb12a070c1"},"headline":"Apfel Tarte","datePublished":"2021-07-28T09:53:14+00:00","dateModified":"2021-07-28T09:55:14+00:00","mainEntityOfPage":{"@id":"https:\/\/www.gundel.de\/blog\/2021\/07\/28\/apfel-tarte\/"},"wordCount":179,"commentCount":0,"publisher":{"@id":"https:\/\/www.gundel.de\/blog\/#organization"},"image":{"@id":"https:\/\/www.gundel.de\/blog\/2021\/07\/28\/apfel-tarte\/#primaryimage"},"thumbnailUrl":"https:\/\/www.gundel.de\/blog\/wp-content\/uploads\/2021\/07\/Gundel-Pfannen-Timo-Franke-Schneebesen-Apfel-Tarte.jpg","keywords":["vegan"],"articleSection":["Geb\u00e4ck","Kuchen","Nachspeisen"],"inLanguage":"de","potentialAction":[{"@type":"CommentAction","name":"Comment","target":["https:\/\/www.gundel.de\/blog\/2021\/07\/28\/apfel-tarte\/#respond"]}]},{"@type":"WebPage","@id":"https:\/\/www.gundel.de\/blog\/2021\/07\/28\/apfel-tarte\/","url":"https:\/\/www.gundel.de\/blog\/2021\/07\/28\/apfel-tarte\/","name":"Rezept Apfel Tarte mit Bl\u00e4tterteig - Gundel-Pfannen Blog","isPartOf":{"@id":"https:\/\/www.gundel.de\/blog\/#website"},"primaryImageOfPage":{"@id":"https:\/\/www.gundel.de\/blog\/2021\/07\/28\/apfel-tarte\/#primaryimage"},"image":{"@id":"https:\/\/www.gundel.de\/blog\/2021\/07\/28\/apfel-tarte\/#primaryimage"},"thumbnailUrl":"https:\/\/www.gundel.de\/blog\/wp-content\/uploads\/2021\/07\/Gundel-Pfannen-Timo-Franke-Schneebesen-Apfel-Tarte.jpg","datePublished":"2021-07-28T09:53:14+00:00","dateModified":"2021-07-28T09:55:14+00:00","description":"F\u00fcr die Apfel Tarte zuerst den Bl\u00e4tterteig aus dem K\u00fchlschrank nehmen. Ofen auf 220 \u00b0C (Ober-\/Unterhitze) vorheizen. \u00c4pfel in 5mm dicke","breadcrumb":{"@id":"https:\/\/www.gundel.de\/blog\/2021\/07\/28\/apfel-tarte\/#breadcrumb"},"inLanguage":"de","potentialAction":[{"@type":"ReadAction","target":["https:\/\/www.gundel.de\/blog\/2021\/07\/28\/apfel-tarte\/"]}]},{"@type":"ImageObject","inLanguage":"de","@id":"https:\/\/www.gundel.de\/blog\/2021\/07\/28\/apfel-tarte\/#primaryimage","url":"https:\/\/www.gundel.de\/blog\/wp-content\/uploads\/2021\/07\/Gundel-Pfannen-Timo-Franke-Schneebesen-Apfel-Tarte.jpg","contentUrl":"https:\/\/www.gundel.de\/blog\/wp-content\/uploads\/2021\/07\/Gundel-Pfannen-Timo-Franke-Schneebesen-Apfel-Tarte.jpg","width":1200,"height":800,"caption":"Apfel Tarte"},{"@type":"BreadcrumbList","@id":"https:\/\/www.gundel.de\/blog\/2021\/07\/28\/apfel-tarte\/#breadcrumb","itemListElement":[{"@type":"ListItem","position":1,"name":"Home","item":"https:\/\/www.gundel.de\/blog\/"},{"@type":"ListItem","position":2,"name":"Apfel Tarte"}]},{"@type":"WebSite","@id":"https:\/\/www.gundel.de\/blog\/#website","url":"https:\/\/www.gundel.de\/blog\/","name":"Gundel-Pfannen Blog","description":"Kochen ist unsere Leidenschaft","publisher":{"@id":"https:\/\/www.gundel.de\/blog\/#organization"},"potentialAction":[{"@type":"SearchAction","target":{"@type":"EntryPoint","urlTemplate":"https:\/\/www.gundel.de\/blog\/?s={search_term_string}"},"query-input":{"@type":"PropertyValueSpecification","valueRequired":true,"valueName":"search_term_string"}}],"inLanguage":"de"},{"@type":"Organization","@id":"https:\/\/www.gundel.de\/blog\/#organization","name":"Gundel-Pfannen","url":"https:\/\/www.gundel.de\/blog\/","logo":{"@type":"ImageObject","inLanguage":"de","@id":"https:\/\/www.gundel.de\/blog\/#\/schema\/logo\/image\/","url":"https:\/\/www.gundel.de\/blog\/wp-content\/uploads\/2012\/11\/gundel_pfannen-Original-seit-1972-Logo.png","contentUrl":"https:\/\/www.gundel.de\/blog\/wp-content\/uploads\/2012\/11\/gundel_pfannen-Original-seit-1972-Logo.png","width":"192","height":"120","caption":"Gundel-Pfannen"},"image":{"@id":"https:\/\/www.gundel.de\/blog\/#\/schema\/logo\/image\/"}},{"@type":"Person","@id":"https:\/\/www.gundel.de\/blog\/#\/schema\/person\/7bc26dfa36e0569be5e1e4bb12a070c1","name":"Gundel Pfannen","url":"https:\/\/www.gundel.de\/blog\/author\/gundel-pfannen-2\/"}]}},"_links":{"self":[{"href":"https:\/\/www.gundel.de\/blog\/wp-json\/wp\/v2\/posts\/3155","targetHints":{"allow":["GET"]}}],"collection":[{"href":"https:\/\/www.gundel.de\/blog\/wp-json\/wp\/v2\/posts"}],"about":[{"href":"https:\/\/www.gundel.de\/blog\/wp-json\/wp\/v2\/types\/post"}],"author":[{"embeddable":true,"href":"https:\/\/www.gundel.de\/blog\/wp-json\/wp\/v2\/users\/5"}],"replies":[{"embeddable":true,"href":"https:\/\/www.gundel.de\/blog\/wp-json\/wp\/v2\/comments?post=3155"}],"version-history":[{"count":3,"href":"https:\/\/www.gundel.de\/blog\/wp-json\/wp\/v2\/posts\/3155\/revisions"}],"predecessor-version":[{"id":3158,"href":"https:\/\/www.gundel.de\/blog\/wp-json\/wp\/v2\/posts\/3155\/revisions\/3158"}],"wp:featuredmedia":[{"embeddable":true,"href":"https:\/\/www.gundel.de\/blog\/wp-json\/wp\/v2\/media\/3156"}],"wp:attachment":[{"href":"https:\/\/www.gundel.de\/blog\/wp-json\/wp\/v2\/media?parent=3155"}],"wp:term":[{"taxonomy":"category","embeddable":true,"href":"https:\/\/www.gundel.de\/blog\/wp-json\/wp\/v2\/categories?post=3155"},{"taxonomy":"post_tag","embeddable":true,"href":"https:\/\/www.gundel.de\/blog\/wp-json\/wp\/v2\/tags?post=3155"}],"curies":[{"name":"wp","href":"https:\/\/api.w.org\/{rel}","templated":true}]}}